[{"@context":"https:\/\/schema.org\/","@type":"Article","@id":"https:\/\/www.buerstenmann.sk\/zabradlie-pre-interier-balkon-aj-terasu\/#Article","mainEntityOfPage":"https:\/\/www.buerstenmann.sk\/zabradlie-pre-interier-balkon-aj-terasu\/","headline":"Z\u00e1bradlie pre interi\u00e9r, balk\u00f3n aj terasu","name":"Z\u00e1bradlie pre interi\u00e9r, balk\u00f3n aj terasu","description":"Pri stavbe rodinn\u00e9ho domu, bytov\u00fdch jednotiek \u010di komer\u010dn\u00fdch priestorov je d\u00f4le\u017eitou s\u00fa\u010das\u0165ou aj prepojenie jednotliv\u00fdch poschod\u00ed a tie\u017e balk\u00f3ny a terasy, ktor\u00e9 s\u00fa s\u00fa\u010das\u0165ou takmer","datePublished":"2018-06-13","dateModified":"2023-04-28","author":{"@type":"Person","@id":"https:\/\/www.buerstenmann.sk\/author\/#Person","name":"","url":"https:\/\/www.buerstenmann.sk\/author\/","identifier":1,"image":{"@type":"ImageObject","@id":"https:\/\/secure.gravatar.com\/avatar\/b74f056f0354b8ee50fcd0e6106aa964423477cb93024726458fce7ffd63d5d8?s=96&d=mm&r=g","url":"https:\/\/secure.gravatar.com\/avatar\/b74f056f0354b8ee50fcd0e6106aa964423477cb93024726458fce7ffd63d5d8?s=96&d=mm&r=g","height":96,"width":96}},"publisher":{"@type":"Organization","name":"buerstenmann.sk","logo":{"@type":"ImageObject","@id":"\/logo.png","url":"\/logo.png","width":600,"height":60}},"image":{"@type":"ImageObject","@id":"https:\/\/www.buerstenmann.sk\/wp-content\/uploads\/img_a289277_w16467_t1530610442.jpg","url":"https:\/\/www.buerstenmann.sk\/wp-content\/uploads\/img_a289277_w16467_t1530610442.jpg","height":0,"width":0},"url":"https:\/\/www.buerstenmann.sk\/zabradlie-pre-interier-balkon-aj-terasu\/","about":["Byt"],"wordCount":366,"articleBody":"         Pri stavbe rodinn\u00e9ho domu, bytov\u00fdch jednotiek \u010di komer\u010dn\u00fdch priestorov je d\u00f4le\u017eitou s\u00fa\u010das\u0165ou aj prepojenie jednotliv\u00fdch poschod\u00ed a tie\u017e balk\u00f3ny a terasy, ktor\u00e9 s\u00fa s\u00fa\u010das\u0165ou takmer ka\u017edej budovy. Pokia\u013e potrebujete vhodne vyrie\u0161i\u0165 v\u00fdstupy na \u010fal\u0161ie poschodia, tak k tomu sl\u00fa\u017eia schodi\u0161tia a ako schodi\u0161tia, tak i balk\u00f3ny a terasy hlavne z bezpe\u010dnostn\u00fdch d\u00f4vodov vy\u017eaduj\u00fa vhodn\u00e9 ohrani\u010denie. Toto ohrani\u010denie m\u00f4\u017ee by\u0165 z r\u00f4znych materi\u00e1lov a vhodn\u00fd v\u00fdber z\u00e1vis\u00ed od mo\u017enost\u00ed a celkov\u00e9ho designu exteri\u00e9ru a interi\u00e9ru.Najob\u013e\u00fabenej\u0161\u00edm a najpraktickej\u0161\u00edm rozhodnut\u00edm je nerezove zabradlie.Spl\u0148uje trendy modern\u00fdch a praktick\u00fdch rie\u0161en\u00ed t\u00fdchto stavebn\u00fdch prvkov a tie\u017e dokonal\u00fd design, ktor\u00fd podtrhuje komfort, eleganciu aj ur\u010dit\u00fd luxus. V modernom prostred\u00ed dokonale tento materi\u00e1l vynikne a prinesie zauj\u00edmav\u00fd prvok pre interi\u00e9r aj exteri\u00e9r, teda vonkaj\u0161iu \u010das\u0165 stavby, ktor\u00e1 m\u00e1 balk\u00f3n \u010di terasu. Nerezove zabradlieprin\u00e1\u0161a nielen zhotovenie z kvalitn\u00e9ho materi\u00e1lu, ale tie\u017e materi\u00e1l, ktor\u00fd vy\u017eaduje minim\u00e1lnu \u00fadr\u017ebu.Poskytuje r\u00fdchle a jednoduch\u00e9 rie\u0161enie, ktor\u00e9 m\u00f4\u017eete kombinova\u0165 s \u010fal\u0161\u00edmi materi\u00e1lmi, napr\u00edklad aj so sklom.M\u00f4\u017eete si zvoli\u0165 kon\u0161trukcie gu\u013eat\u00e9, hranat\u00e9, ploch\u00e9, r\u00f4zne v\u00fd\u0161ky a t\u00fdm tento prvok prisp\u00f4sobi\u0165 ak\u00e9muko\u013evek prostrediu aj designu. Nebudete ma\u0165 probl\u00e9m so zaveden\u00edm kon\u0161trukcie do materi\u00e1lov \u010di u\u017e ide o bet\u00f3n alebo drevo a podobne. Nie je prek\u00e1\u017ekou ani rie\u0161enie napr\u00edklad to\u010dit\u00e9ho schodi\u0161\u0165a. V kombin\u00e1ciou s vhodnou v\u00fdpl\u0148ou vytvor\u00edte jedine\u010dn\u00fd design a pr\u00edjemn\u00fd dojem z celkov\u00e9ho vzh\u013eadu. Tento materi\u00e1l nebude v \u017eiadnom interi\u00e9ri p\u00f4sobi\u0165 ako ru\u0161iv\u00fd element a prinesie v\u00e1m dokonal\u00fd komfort v b\u00fdvan\u00ed i vo firemnom \u010di obchodnom prostred\u00ed.V\u010faka tomuto v\u00fdberu jednoducho zlad\u00edte prvky interi\u00e9ru aj exteri\u00e9ru a vytvor\u00edte si pr\u00edjemn\u00e9 prostredie, ktor\u00e9 poskytuje dostatok svetla i vzdu\u0161nosti a tie\u017e elegancie.                                                                                                                                                                                                                                                                                                                                                                                          4.1\/5 - (10 votes)        "},{"@context":"https:\/\/schema.org\/","@type":"BreadcrumbList","itemListElement":[{"@type":"ListItem","position":1,"name":"Z\u00e1bradlie pre interi\u00e9r, balk\u00f3n aj terasu","item":"https:\/\/www.buerstenmann.sk\/zabradlie-pre-interier-balkon-aj-terasu\/#breadcrumbitem"}]}]