[{"@context":"https:\/\/schema.org\/","@type":"Article","@id":"https:\/\/www.buerstenmann.sk\/problemova-mladez\/#Article","mainEntityOfPage":"https:\/\/www.buerstenmann.sk\/problemova-mladez\/","headline":"Probl\u00e9mov\u00e1 ml\u00e1de\u017e?","name":"Probl\u00e9mov\u00e1 ml\u00e1de\u017e?","description":"Do triedy na stredn\u00fa \u0161kolu mi chodil tich\u00fd chlapec. V\u00a0\u0161kole mal v\u00fdborn\u00e9 v\u00fdsledky, jednotky, dvojky. Ob\u010das nepri\u0161iel do \u0161koly, ale u\u010divo hravo dobehol. Prv\u00fd ro\u010dn\u00edk","datePublished":"2021-10-18","dateModified":"2023-04-28","author":{"@type":"Person","@id":"https:\/\/www.buerstenmann.sk\/author\/#Person","name":"","url":"https:\/\/www.buerstenmann.sk\/author\/","identifier":1,"image":{"@type":"ImageObject","@id":"https:\/\/secure.gravatar.com\/avatar\/b74f056f0354b8ee50fcd0e6106aa964423477cb93024726458fce7ffd63d5d8?s=96&d=mm&r=g","url":"https:\/\/secure.gravatar.com\/avatar\/b74f056f0354b8ee50fcd0e6106aa964423477cb93024726458fce7ffd63d5d8?s=96&d=mm&r=g","height":96,"width":96}},"publisher":{"@type":"Organization","name":"buerstenmann.sk","logo":{"@type":"ImageObject","@id":"\/logo.png","url":"\/logo.png","width":600,"height":60}},"image":{"@type":"ImageObject","@id":"https:\/\/www.buerstenmann.sk\/wp-content\/uploads\/deti%C4%8Dky.jpg","url":"https:\/\/www.buerstenmann.sk\/wp-content\/uploads\/deti%C4%8Dky.jpg","height":0,"width":0},"url":"https:\/\/www.buerstenmann.sk\/problemova-mladez\/","about":["Spolo\u010dnos\u0165"],"wordCount":775,"articleBody":"Do triedy na stredn\u00fa \u0161kolu mi chodil tich\u00fd chlapec. V\u00a0\u0161kole mal v\u00fdborn\u00e9 v\u00fdsledky, jednotky, dvojky. Ob\u010das nepri\u0161iel do \u0161koly, ale u\u010divo hravo dobehol. Prv\u00fd ro\u010dn\u00edk v\u00a0odbore \u201ekuch\u00e1r\u201c ukon\u010dil bez probl\u00e9mov. V\u00a0septembri som v\u0161etk\u00fdch \u017eiakov \u010dakala op\u00e4\u0165 ako ich triedna u\u010dite\u013eka. Ale Jakub nepri\u0161iel. Pok\u00fa\u0161ala som sa s\u00a0n\u00edm spoji\u0165, ale nedarilo sa mi. Ako \u017eiak po ukon\u010den\u00ed povinnej desa\u0165ro\u010dnej \u0161kolskej doch\u00e1dzky mohol na \u017eiados\u0165 rodi\u010dov od\u00eds\u0165 zo \u0161koly a\u00a0\u00eds\u0165 pracova\u0165. \u010co sa s\u00a0n\u00edm vlastne stalo, to som sa dozvedela a\u017e omnoho nesk\u00f4r.\u00a0\u00a0\u00a0\u00a0\u00a0\u00a0\u00a0\u00a0\u00a0\u00a0\u00a0 Jeho spolu\u017eiaci mi len tak mimochodom spomenuli, \u017ee Jakuba stretli niekde v\u00a0meste. P\u00fdtal sa, \u010do je nov\u00e9 v\u00a0\u0161kole. \u201e\u0160koda,\u201c, vravel, \u201e\u017ee aj ja nem\u00f4\u017eem chodi\u0165 do \u0161koly!\u201c Matka \u017eila so \u0161tyrmi de\u0165mi sama. Ka\u017ed\u00e9 malo in\u00e9ho otca. Najstar\u0161\u00ed bol Jakub, najmlad\u0161ie die\u0165a bolo b\u00e1b\u00e4tko, ke\u010f bol Jakub v\u00a0prvom ro\u010dn\u00edku strednej \u0161koly. Ob\u010das sa mama \u201evyparila\u201c na nieko\u013eko dn\u00ed. Doma ostali v\u0161etky deti ponechan\u00e9 postara\u0165 sa sam\u00e9 o\u00a0seba. Bolo na Jakubovi, aby ich nejak zabezpe\u010dil, t.j. dal im najes\u0165. A\u00a0to nebolo nijak jednoduch\u00e9. Doma neostali \u017eiadne peniaze, jedlo sa minulo a\u00a0musel sa posna\u017ei\u0165, aby p\u00e4tn\u00e1s\u0165, \u010di \u0161estn\u00e1s\u0165ro\u010dn\u00fd chlapec zohnal nie\u010do pre s\u00farodencov. \u00a0\u00a0\u00a0\u00a0\u00a0\u00a0\u00a0\u00a0\u00a0\u00a0\u00a0 Hne\u010f ako bolo ist\u00e9, \u017ee matku nebude nah\u00e1\u0148a\u0165 \u201esoci\u00e1lka\u201c kv\u00f4li zanedb\u00e1vaniu povinnej \u0161kolskej doch\u00e1dzky die\u0165a\u0165a, rozhodol sa Jakub alebo jeho mama (to neviem), \u017ee p\u00f4jde zar\u00e1ba\u0165 penia\u017eky. Tak nast\u00fapil hne\u010f ako to bolo mo\u017en\u00e9 do fabriky. Mobiln\u00fd telef\u00f3n mu matka zabavila. Asi, aby ho mohla preda\u0165. Alebo mo\u017eno, aby sa Jakub nedovolal kamar\u00e1tom. S\u00fa dni, ke\u010f na neho op\u00e4\u0165 myslievam a\u00a0prem\u00fd\u0161\u013eam, \u010do by som mohla urobi\u0165, ak by som sa o\u00a0jeho situ\u00e1cii dozvedela vtedy, ke\u010f bol e\u0161te moj\u00edm \u017eiakom.\u00a0\u00a0\u00a0\u00a0\u00a0\u00a0\u00a0\u00a0\u00a0\u00a0\u00a0 Ke\u010f sa dozviem tak\u00e9to spr\u00e1vy, a\u00a0nie je to a\u017e tak\u00e9 zriedkav\u00e9, ako by sa zdalo, je mi ve\u013emi smutno. Nie v\u017edy s\u00fa deti a\u00a0mlad\u00ed \u013eudia tak\u00ed ako Jakub. \u010castokr\u00e1t prejavuj\u00fa svoj boj so \u017eivotom \u00faplne inak. S\u00fa agres\u00edvni, vulg\u00e1rni, niektor\u00ed h\u013eadaj\u00fa \u00fatechu v\u00a0drog\u00e1ch. A\u017e stretnete mlad\u00e9ho \u010dloveka alebo e\u0161te die\u0165a, ktor\u00e9 sa v\u00e1m nebude svoj\u00edm spr\u00e1van\u00edm p\u00e1\u010di\u0165, sk\u00faste si spomen\u00fa\u0165 na tento m\u00f4j \u010fal\u0161\u00ed pr\u00edbeh.\u00a0\u00a0\u00a0\u00a0\u00a0\u00a0\u00a0\u00a0\u00a0\u00a0\u00a0 Op\u00e4\u0165 pou\u017eijem pr\u00edklad zo \u0161kolsk\u00e9ho prostredia. Tentokr\u00e1t som ho za\u017eila nie ako u\u010dite\u013eka, ale ako matka. Ke\u010f za\u010dali moji synovia nav\u0161tevova\u0165 z\u00e1kladn\u00fa \u0161kolu, posadila som si ich pred seba a\u00a0naliehavo som ich \u017eiadala, \u017ee ak by sa im v\u00a0\u0161kole alebo inde dialo nie\u010do zl\u00e9, musia mi to okam\u017eite poveda\u0165. Mlad\u0161\u00ed syn mi asi po dvoch mesiacoch povedal, \u017ee v\u00a0\u0161kolskej dru\u017eine im chlapec z\u00a0inej triedy robieva viacer\u00fdm zle. Ke\u010f som pri\u0161la pre neho \u010fal\u0161\u00ed de\u0148 do dru\u017einy, op\u00fdtala som sa synka, \u010di je ten chlapec e\u0161te s\u00a0nimi v\u00a0dru\u017eine. Po kladnej odpovedi som si ho dala zavola\u0165 z\u00a0triedy na chodbu. Pri\u0161iel chlapec s\u00a0ve\u013ek\u00fdmi hned\u00fdmi o\u010dami a\u00a0u\u017e z\u00a0dia\u013eky som videla, ako sa kr\u010d\u00ed, akoby \u010dakal, \u017ee dostane v\u00fdprask. Zdal sa mi o\u00a0nie\u010do v\u00e4\u010d\u0161\u00ed ako ostatn\u00e9 deti v\u00a0skupine.\u00a0\u00a0\u00a0\u00a0\u00a0\u00a0\u00a0\u00a0\u00a0\u00a0\u00a0 Postavila som si ho pred seba a\u00a0miernym hlasom som sa ho op\u00fdtala, ako je mo\u017en\u00e9, \u017ee tak\u00fd ve\u013ek\u00fd a\u00a0\u0161ikovn\u00fd chlapec rob\u00ed ostatn\u00fdm de\u0165om v\u00a0\u0161kole naprieky. Pichal deti prav\u00edtkom, p\u00edsal im po p\u00edsank\u00e1ch, at\u010f. Ve\u010f on by ich naopak mal pred ostatn\u00fdmi chr\u00e1ni\u0165. Objala som ho okolo ramien a\u00a0vyn\u00fatila som si tak od neho s\u013eub, \u017ee u\u017e sa podobn\u00e9 v\u00fd\u010diny nebud\u00fa opakova\u0165. A\u00a0tak sa aj stalo. Odvtedy bol v\u00a0\u0161kolskej dru\u017eine aj v\u00a0triede k\u013eud. Pani vychov\u00e1vate\u013eka mi prezradila, \u017ee chlapec je aj s\u00a0bratom probl\u00e9mov\u00fd u\u017e viac rokov. U\u017e tu boli aj policajti. Otec ich doma v\u017edy ve\u013emi zbije a\u00a0chlapci si to zase ventiluj\u00fa na mlad\u0161\u00edch de\u0165och. Ale ke\u010f im d\u00e1te poc\u00edti\u0165, \u017ee s\u00fa d\u00f4le\u017eit\u00ed pre tento svet, oni si svoje miesto v\u00a0spolo\u010dnosti n\u00e1jdu. Stan\u00fa sa rovnocenn\u00fdmi partnermi ostatn\u00fdch. Nie v\u017edy sa to podar\u00ed, ale nestoj\u00ed to za pokus?                                                                                                                                                                                                                                                                                                                                                                                        4.4\/5 - (13 votes)        "},{"@context":"https:\/\/schema.org\/","@type":"BreadcrumbList","itemListElement":[{"@type":"ListItem","position":1,"name":"Probl\u00e9mov\u00e1 ml\u00e1de\u017e?","item":"https:\/\/www.buerstenmann.sk\/problemova-mladez\/#breadcrumbitem"}]}]