[{"@context":"https:\/\/schema.org\/","@type":"Article","@id":"https:\/\/www.buerstenmann.sk\/pohrajte-sa-s-farbami-aj-vo-vasej-spalni\/#Article","mainEntityOfPage":"https:\/\/www.buerstenmann.sk\/pohrajte-sa-s-farbami-aj-vo-vasej-spalni\/","headline":"Pohrajte sa s farbami aj vo va\u0161ej sp\u00e1lni","name":"Pohrajte sa s farbami aj vo va\u0161ej sp\u00e1lni","description":"Zelen\u00e1 \u00a0 Psychol\u00f3gia farieb je mocn\u00e1 \u010darodejka a preto, ak sa rozhodnete pre ak\u00fdko\u013evek odtie\u0148 zelenej, napln\u00edte svoju sp\u00e1l\u0148u pozit\u00edvnou energiou, budete sa c\u00edti\u0165 o","datePublished":"2019-01-15","dateModified":"2023-04-28","author":{"@type":"Person","@id":"https:\/\/www.buerstenmann.sk\/author\/#Person","name":"","url":"https:\/\/www.buerstenmann.sk\/author\/","identifier":1,"image":{"@type":"ImageObject","@id":"https:\/\/secure.gravatar.com\/avatar\/b74f056f0354b8ee50fcd0e6106aa964423477cb93024726458fce7ffd63d5d8?s=96&d=mm&r=g","url":"https:\/\/secure.gravatar.com\/avatar\/b74f056f0354b8ee50fcd0e6106aa964423477cb93024726458fce7ffd63d5d8?s=96&d=mm&r=g","height":96,"width":96}},"publisher":{"@type":"Organization","name":"buerstenmann.sk","logo":{"@type":"ImageObject","@id":"\/logo.png","url":"\/logo.png","width":600,"height":60}},"image":{"@type":"ImageObject","@id":"https:\/\/www.buerstenmann.sk\/wp-content\/uploads\/img_a297889_w16558_t1552671385.jpg","url":"https:\/\/www.buerstenmann.sk\/wp-content\/uploads\/img_a297889_w16558_t1552671385.jpg","height":0,"width":0},"url":"https:\/\/www.buerstenmann.sk\/pohrajte-sa-s-farbami-aj-vo-vasej-spalni\/","wordCount":377,"articleBody":"Zelen\u00e1\u00a0Psychol\u00f3gia farieb je mocn\u00e1 \u010darodejka a preto, ak sa rozhodnete pre ak\u00fdko\u013evek odtie\u0148 zelenej, napln\u00edte svoju sp\u00e1l\u0148u pozit\u00edvnou energiou, budete sa c\u00edti\u0165 o krok bli\u017e\u0161ie k pr\u00edrode. Zelen\u00e1 farba m\u00e1 na \u010dloveka blahodarn\u00e9 upokojuj\u00face \u00fa\u010dinky a to je presne sp\u00f4sob, ak\u00fdm docielime pokojn\u00fd sp\u00e1nok.\u00a0Modr\u00e1\u00a0Nenadarmo m\u00e1 modr\u00e1 farba pr\u00edvlastok kr\u00e1\u013eovsk\u00e1.\u00a0A pr\u00e1ve t\u00fato farbu by ste mali zvoli\u0165, ak sa vo svojej sp\u00e1lni chcete c\u00edti\u0165 ako kr\u00e1\u013e a kr\u00e1\u013eovn\u00e1. Modrou farbou ni\u010d nepokaz\u00edte, pr\u00e1ve naopak, navod\u00edte pr\u00edjemn\u00fa atmosf\u00e9ru, pohodu a vyrovnanos\u0165. Modr\u00e1 v n\u00e1s \u010dasto evokuje \u0161umiace more, belas\u00fa oblohu a t\u00fdm n\u00e1s hne\u010f nalad\u00ed na pozit\u00edvne vlny, vn\u00fatorn\u00fd pokoj a harm\u00f3niu. Pre dosiahnutie najdokonalej\u0161ieho vizu\u00e1lneho efektu ju skombinujte s bielou.\u00a0Tyrkysov\u00e1\u00a0Neviete sa rozhodn\u00fa\u0165 medzi modrou a zelenou? M\u00e1me pre v\u00e1s rie\u0161enie! Ke\u010f\u017ee tyrkysov\u00e1 vznik\u00e1 kombin\u00e1ciou pr\u00e1ve t\u00fdchto dvoch farieb, jej vo\u013eba bude pre v\u00e1s ide\u00e1lnym rie\u0161en\u00edm. Je to v\u00fdrazn\u00e1, svie\u017ea farba, ktor\u00e1 vo v\u00e1s prebud\u00ed hravos\u0165, nabije energiou, no v kombin\u00e1cii s in\u00fdmi, vhodne zvolen\u00fdmi doplnkami, dok\u00e1\u017ee p\u00f4sobi\u0165 nesmierne upokojuj\u00faco.\u00a0\u0160ed\u00e1\u00a0\u0160ed\u00e1 je farbou neutr\u00e1lnou a preto je dokonalou vo\u013ebou pre t\u00fdch, ktor\u00ed miluj\u00fa kombin\u00e1cie, neust\u00e1le zmeny a inov\u00e1cie. Jej neutr\u00e1lny odtie\u0148 v\u00e1m dovol\u00ed aj tie najodv\u00e1\u017enej\u0161ie spojenia. Ide o jednu z najpou\u017e\u00edvanej\u0161\u00edch a najob\u013e\u00fabenej\u0161\u00edch farieb v ruk\u00e1ch interi\u00e9rov\u00fdch dizajn\u00e9rov. Je to klasika, \u0161ed\u00e1 eminencia medzi farbami, ktorou nikdy ni\u010d nepokaz\u00edte.\u00a0Fialov\u00e1\u00a0Pou\u017eitie fialovej farby sa na prv\u00fd poh\u013ead m\u00f4\u017ee zda\u0165 odv\u00e1\u017enym rie\u0161en\u00edm, no nemus\u00edte sa ni\u010doho ob\u00e1va\u0165. Je pravdou, \u017ee pri jej pou\u017eit\u00ed by sme mali by\u0165 o nie\u010do opatrnej\u0161\u00ed a pozornej\u0161\u00edm okom prihliada\u0165 aj na detaily priestoru. Ak ju v\u0161ak spr\u00e1vne skombinujete, s v\u00fdsledkom budete viac ne\u017e spokojn\u00ed. Va\u0161a sp\u00e1l\u0148a vo fialov\u00fdch farb\u00e1ch bude steles\u0148ova\u0165 pokoj a dokonale pod\u010diarkne zmyselnos\u0165 a tajomnos\u0165 izby.                                                                                                                                                                                                                                                                                                                                                                                        4.5\/5 - (15 votes)        "},{"@context":"https:\/\/schema.org\/","@type":"BreadcrumbList","itemListElement":[{"@type":"ListItem","position":1,"name":"Pohrajte sa s farbami aj vo va\u0161ej sp\u00e1lni","item":"https:\/\/www.buerstenmann.sk\/pohrajte-sa-s-farbami-aj-vo-vasej-spalni\/#breadcrumbitem"}]}]