[{"@context":"https:\/\/schema.org\/","@type":"Article","@id":"https:\/\/www.buerstenmann.sk\/kuzlo-funkcneho-pradla\/#Article","mainEntityOfPage":"https:\/\/www.buerstenmann.sk\/kuzlo-funkcneho-pradla\/","headline":"K\u00fazlo funk\u010dn\u00e9ho pr\u00e1dla","name":"K\u00fazlo funk\u010dn\u00e9ho pr\u00e1dla","description":"Kvalitn\u00e9 funk\u010dn\u00e9 pr\u00e1dlo u\u017e d\u00e1vno nesl\u00fa\u017ei len \u0161portovcom pri ich vrcholov\u00fdch v\u00fdkonoch, ale st\u00e1va sa s\u00fa\u010das\u0165ou osobnej hygieny n\u00e1s v\u0161etk\u00fdch. M\u00f4\u017eeme ho nazva\u0165 fenom\u00e9nom 21.","datePublished":"2025-02-27","dateModified":"2023-04-28","author":{"@type":"Person","@id":"https:\/\/www.buerstenmann.sk\/author\/#Person","name":"","url":"https:\/\/www.buerstenmann.sk\/author\/","identifier":1,"image":{"@type":"ImageObject","@id":"https:\/\/secure.gravatar.com\/avatar\/b74f056f0354b8ee50fcd0e6106aa964423477cb93024726458fce7ffd63d5d8?s=96&d=mm&r=g","url":"https:\/\/secure.gravatar.com\/avatar\/b74f056f0354b8ee50fcd0e6106aa964423477cb93024726458fce7ffd63d5d8?s=96&d=mm&r=g","height":96,"width":96}},"publisher":{"@type":"Organization","name":"buerstenmann.sk","logo":{"@type":"ImageObject","@id":"\/logo.png","url":"\/logo.png","width":600,"height":60}},"image":{"@type":"ImageObject","@id":"https:\/\/www.buerstenmann.sk\/wp-content\/uploads\/img_a286611_w16542_t1522866607.png","url":"https:\/\/www.buerstenmann.sk\/wp-content\/uploads\/img_a286611_w16542_t1522866607.png","height":0,"width":0},"url":"https:\/\/www.buerstenmann.sk\/kuzlo-funkcneho-pradla\/","wordCount":388,"articleBody":"Kvalitn\u00e9 funk\u010dn\u00e9 pr\u00e1dlo u\u017e d\u00e1vno nesl\u00fa\u017ei len \u0161portovcom pri ich vrcholov\u00fdch v\u00fdkonoch, ale st\u00e1va sa s\u00fa\u010das\u0165ou osobnej hygieny n\u00e1s v\u0161etk\u00fdch. M\u00f4\u017eeme ho nazva\u0165 fenom\u00e9nom 21. storo\u010dia. Nos\u00edme ho \u010doraz \u010dastej\u0161ie. A rob\u00edme dobre. Po fyzickej n\u00e1mahe ale aj pri ka\u017edodennej \u010dinnosti sa telo pot\u00ed. Je to prirodzen\u00fd, zdrav\u00fd jav, ktor\u00fd v\u0161ak pri ur\u010dit\u00fdch klimatick\u00fdch podmienkach m\u00f4\u017ee sp\u00f4sobi\u0165 podchladenie. V\u0161eobecne je potrebn\u00e9 tento regul\u00e1tor teploty odvies\u0165 od tela \u010do najr\u00fdchlej\u0161ie. T\u00fato \u00falohu pln\u00fd pr\u00e1ve funk\u010dn\u00e9 pr\u00e1dlo, inak naz\u00fdvan\u00e9 aj termopr\u00e1dlo. K\u00fazlo tohto jedine\u010dn\u00e9ho oble\u010denia spo\u010d\u00edva v materi\u00e1le, z ktor\u00e9ho je pr\u00e1dlo vyroben\u00e9. &#8211;Polypropyl\u00e9n: m\u00e1 najmen\u0161iu nasiakavos\u0165 a ve\u013emi dobr\u00e9 termoizola\u010dn\u00e9 vlastnosti &#8211;Polyester &#8211;Polyamid &#8211;Merino vlna &#8211;Akryl &#8211;Bambusov\u00e9 vl\u00e1kno Zv\u04d3\u010d\u0161a ide o \u00faplet zo 100 % polypropyl\u00e9nu, ktor\u00fd zabezpe\u010duje spr\u00e1vnu pri\u013enavos\u0165 k telu a pru\u017enos\u0165. Jeho z\u00e1kladn\u00e1 vrstva sl\u00fa\u017ei pre v\u0161etky aktivity, pri\u010dom zabezpe\u010duje spr\u00e1vnu telesn\u00fa kl\u00edmu, teda sucho a teplo. V\u010faka minim\u00e1lnej vsiakavosti doch\u00e1dza pomocou kn\u00f4tov\u00e9ho efektu k r\u00fdchlemu odvodu potu do \u010fal\u0161ej sacej vrstvy alebo do vzduchu \u010d\u00edm je zabezpe\u010den\u00e1 priedu\u0161nos\u0165. Ke\u010f sa teda spot\u00edme pri nam\u00e1havej fyzickej aktivite n\u00e1\u0161 vyl\u00fa\u010den\u00fd pot nesp\u00f4sob\u00ed zamokrenie oble\u010denia, ale v\u010faka tomuto efektu sa kvap\u00f4\u010dky odparia na vzduchu. My teda nem\u00e1me spoten\u00fd chrb\u00e1t a z\u00e1rove\u0148 n\u00e1m tento jedine\u010dn\u00fd efekt zabezpe\u010duje udr\u017eiavanie telesn\u00e9ho tepla, termoizol\u00e1cie a preto sa c\u00edtime st\u00e1le v teple.  Nosi\u0165 funk\u010dn\u00e9 pr\u00e1dlo sa naozaj oplat\u00ed. \u010ci u\u017e sa venujeme vrcholov\u00e9mu \u0161portu, \u010di turistike v hor\u00e1ch. Odborn\u00edci doporu\u010duj\u00fa nosi\u0165 funk\u010dn\u00e9 pr\u00e1dlo aj pri in\u00fdch nam\u00e1hav\u00fdch aktivit\u00e1ch, kedy na\u0161e telo vylu\u010duje ve\u013ea potu. Napr\u00edklad aj pri \u0165a\u017ekej fyzickej z\u00e1\u0165a\u017ei v pr\u00e1ci. Na trhu sa pohybuje u\u017e ve\u013ek\u00e9 mno\u017estvo funk\u010dn\u00e9ho oble\u010denia, r\u00f4znych cenov\u00fdch skup\u00edn. Sta\u010d\u00ed si len vybra\u0165. Nebojme sa da\u0165 funk\u010dn\u00e9mu pr\u00e1dlu zelen\u00fa.                                                                                                                                                                                                                                                                                                                                                                                        4.4\/5 - (11 votes)        "},{"@context":"https:\/\/schema.org\/","@type":"BreadcrumbList","itemListElement":[{"@type":"ListItem","position":1,"name":"K\u00fazlo funk\u010dn\u00e9ho pr\u00e1dla","item":"https:\/\/www.buerstenmann.sk\/kuzlo-funkcneho-pradla\/#breadcrumbitem"}]}]